{"id":1878,"date":"2015-06-04T10:37:28","date_gmt":"2015-06-04T08:37:28","guid":{"rendered":"http:\/\/dariocogliati.com\/?p=1878"},"modified":"2026-02-20T17:53:29","modified_gmt":"2026-02-20T16:53:29","slug":"otherframe-lugano-videoart-festival","status":"publish","type":"post","link":"https:\/\/arte.dariocogliati.com\/index.php\/otherframe-lugano-videoart-festival\/","title":{"rendered":"OtherFrame &#8211; Lugano videoart festival"},"content":{"rendered":"<p>All&#8217;interno de <strong>OtherMovie Lugano Film Festival<\/strong>,\u00a0quest&#8217;anno \u00e8 presente una nuova sezione <strong>OtherFrame<\/strong>\u00a0dedicata alla video art e oltre.<br \/>\nL&#8217;intento \u00e8 di proporre ci\u00f2 che il video pu\u00f2 raccontare in tutto le sue forme al di fuori del linguaggio cinematografico e documentaristico, come pu\u00f2 essere\u00a0la videopittura, il videoclip, la sperimentazione,\u00a0l\u2019 animazione e la video arte.<\/p>\n<p>Link &gt;\u00a0<a title=\"Programma OtherFrame\" href=\"http:\/\/static.sevendaysweb.com\/1279\/2015\/06\/02\/61284\/appuntamentiotherframe.pdf\" target=\"_blank\" rel=\"noopener\">Programma (pdf)<\/a><\/p>\n","protected":false},"excerpt":{"rendered":"<p>All&#8217;interno de OtherMovie Lugano Film Festival,\u00a0quest&#8217;anno \u00e8 presente una nuova sezione OtherFrame\u00a0dedicata alla video art e oltre. L&#8217;intento \u00e8 di proporre ci\u00f2 che il video pu\u00f2 raccontare in tutto le sue forme al di fuori del linguaggio cinematografico e documentaristico,&#8230;<\/p>\n","protected":false},"author":1,"featured_media":1881,"comment_status":"closed","ping_status":"open","sticky":false,"template":"","format":"standard","meta":{"footnotes":""},"categories":[80,17],"tags":[],"class_list":["post-1878","post","type-post","status-publish","format-standard","has-post-thumbnail","hentry","category-blog","category-video-news"],"_links":{"self":[{"href":"https:\/\/arte.dariocogliati.com\/index.php\/wp-json\/wp\/v2\/posts\/1878","targetHints":{"allow":["GET"]}}],"collection":[{"href":"https:\/\/arte.dariocogliati.com\/index.php\/wp-json\/wp\/v2\/posts"}],"about":[{"href":"https:\/\/arte.dariocogliati.com\/index.php\/wp-json\/wp\/v2\/types\/post"}],"author":[{"embeddable":true,"href":"https:\/\/arte.dariocogliati.com\/index.php\/wp-json\/wp\/v2\/users\/1"}],"replies":[{"embeddable":true,"href":"https:\/\/arte.dariocogliati.com\/index.php\/wp-json\/wp\/v2\/comments?post=1878"}],"version-history":[{"count":2,"href":"https:\/\/arte.dariocogliati.com\/index.php\/wp-json\/wp\/v2\/posts\/1878\/revisions"}],"predecessor-version":[{"id":2418,"href":"https:\/\/arte.dariocogliati.com\/index.php\/wp-json\/wp\/v2\/posts\/1878\/revisions\/2418"}],"wp:featuredmedia":[{"embeddable":true,"href":"https:\/\/arte.dariocogliati.com\/index.php\/wp-json\/wp\/v2\/media\/1881"}],"wp:attachment":[{"href":"https:\/\/arte.dariocogliati.com\/index.php\/wp-json\/wp\/v2\/media?parent=1878"}],"wp:term":[{"taxonomy":"category","embeddable":true,"href":"https:\/\/arte.dariocogliati.com\/index.php\/wp-json\/wp\/v2\/categories?post=1878"},{"taxonomy":"post_tag","embeddable":true,"href":"https:\/\/arte.dariocogliati.com\/index.php\/wp-json\/wp\/v2\/tags?post=1878"}],"curies":[{"name":"wp","href":"https:\/\/api.w.org\/{rel}","templated":true}]}}