{"id":87,"date":"2014-04-19T18:38:00","date_gmt":"2014-04-19T16:38:00","guid":{"rendered":"http:\/\/localhost\/wordpress\/mostra-morfologie-effimere\/"},"modified":"2026-02-20T17:53:56","modified_gmt":"2026-02-20T16:53:56","slug":"mostra-morfologie-effimere","status":"publish","type":"post","link":"https:\/\/arte.dariocogliati.com\/index.php\/mostra-morfologie-effimere\/","title":{"rendered":"Mostra: Morfologie Effimere"},"content":{"rendered":"<p><span style=\"font-family: Helvetica Neue, Arial, Helvetica, sans-serif;\"><b>Daniele Arosio e Dario Cogliati<\/b><\/span><br \/>\n<span style=\"font-family: Helvetica Neue, Arial, Helvetica, sans-serif;\">Gruppo Koin\u00e8 arte contemporanea \u00a0<\/span><br \/>\n<span style=\"font-family: Helvetica Neue, Arial, Helvetica, sans-serif;\"><b><br \/>\n<\/b><\/span><span style=\"font-family: Helvetica Neue, Arial, Helvetica, sans-serif;\"><b>INAUGURAZIONE: marted\u00ec 29 aprile 2014 dalle ore 18.30<\/b><\/span><br \/>\n<span style=\"font-family: Helvetica Neue, Arial, Helvetica, sans-serif;\"><br \/>\n<\/span><span style=\"font-family: Helvetica Neue, Arial, Helvetica, sans-serif;\">La mostra proseguir\u00e0 fino al 31 maggio 2014<\/span><br \/>\n<span style=\"font-family: Helvetica Neue, Arial, Helvetica, sans-serif;\">Da marted\u00ec a sabato dalle ore 15 alle 19<\/span><br \/>\n<span style=\"font-family: Helvetica Neue, Arial, Helvetica, sans-serif;\">Presso la galleria d&#8217;arte VILLACONTEMPORANEA a Monza in Via Bergamo 20<\/span><br \/>\n<span style=\"font-family: Helvetica Neue, Arial, Helvetica, sans-serif;\"><br \/>\n<\/span><span style=\"font-family: Helvetica Neue, Arial, Helvetica, sans-serif;\"><br \/>\n<\/span><br \/>\n<div class=\"image_with_text\"><img decoding=\"async\" src=\"http:\/\/dariocogliati.com\/wp-content\/uploads\/2014\/04\/DADC-FRONTE-cartolina.jpg\" alt=\"\" \/><h3 ><\/h3><span style=\"margin: 6px 0px;\" class=\"separator transparent\"><\/span><\/div><br \/>\n<div class=\"image_with_text\"><img decoding=\"async\" src=\"http:\/\/dariocogliati.com\/wp-content\/uploads\/2014\/04\/DADC-RETRO-cartolina.jpg\" alt=\"\" \/><h3 ><\/h3><span style=\"margin: 6px 0px;\" class=\"separator transparent\"><\/span><\/div>\n","protected":false},"excerpt":{"rendered":"<p>Daniele Arosio e Dario Cogliati Gruppo Koin\u00e8 arte contemporanea \u00a0 INAUGURAZIONE: marted\u00ec 29 aprile 2014 dalle ore 18.30 La mostra proseguir\u00e0 fino al 31 maggio 2014 Da marted\u00ec a sabato dalle ore 15 alle 19 Presso la galleria d&#8217;arte VILLACONTEMPORANEA&#8230;<\/p>\n","protected":false},"author":1,"featured_media":522,"comment_status":"closed","ping_status":"open","sticky":false,"template":"","format":"standard","meta":{"footnotes":""},"categories":[13],"tags":[],"class_list":["post-87","post","type-post","status-publish","format-standard","has-post-thumbnail","hentry","category-mostre"],"_links":{"self":[{"href":"https:\/\/arte.dariocogliati.com\/index.php\/wp-json\/wp\/v2\/posts\/87","targetHints":{"allow":["GET"]}}],"collection":[{"href":"https:\/\/arte.dariocogliati.com\/index.php\/wp-json\/wp\/v2\/posts"}],"about":[{"href":"https:\/\/arte.dariocogliati.com\/index.php\/wp-json\/wp\/v2\/types\/post"}],"author":[{"embeddable":true,"href":"https:\/\/arte.dariocogliati.com\/index.php\/wp-json\/wp\/v2\/users\/1"}],"replies":[{"embeddable":true,"href":"https:\/\/arte.dariocogliati.com\/index.php\/wp-json\/wp\/v2\/comments?post=87"}],"version-history":[{"count":3,"href":"https:\/\/arte.dariocogliati.com\/index.php\/wp-json\/wp\/v2\/posts\/87\/revisions"}],"predecessor-version":[{"id":1755,"href":"https:\/\/arte.dariocogliati.com\/index.php\/wp-json\/wp\/v2\/posts\/87\/revisions\/1755"}],"wp:featuredmedia":[{"embeddable":true,"href":"https:\/\/arte.dariocogliati.com\/index.php\/wp-json\/wp\/v2\/media\/522"}],"wp:attachment":[{"href":"https:\/\/arte.dariocogliati.com\/index.php\/wp-json\/wp\/v2\/media?parent=87"}],"wp:term":[{"taxonomy":"category","embeddable":true,"href":"https:\/\/arte.dariocogliati.com\/index.php\/wp-json\/wp\/v2\/categories?post=87"},{"taxonomy":"post_tag","embeddable":true,"href":"https:\/\/arte.dariocogliati.com\/index.php\/wp-json\/wp\/v2\/tags?post=87"}],"curies":[{"name":"wp","href":"https:\/\/api.w.org\/{rel}","templated":true}]}}